[{"@context":"https:\/\/schema.org\/","@type":"Article","@id":"https:\/\/www.shay.sk\/vsetko-pre-krasu\/#Article","mainEntityOfPage":"https:\/\/www.shay.sk\/vsetko-pre-krasu\/","headline":"V\u0161etko pre kr\u00e1su","name":"V\u0161etko pre kr\u00e1su","description":"Niektor\u00ed \u013eudia si naozaj ve\u013emi potrpia na tom ako vyzeraj\u00fa a\u00a0staraj\u00fa sa o\u00a0to, aby za ka\u017ed\u00fdch okolnost\u00ed boli bezchybn\u00ed. Stara\u0165 sa o\u00a0seba by sme sa mali v\u0161etci. Nie ka\u017ed\u00fd je ale zvyknut\u00fd nav\u0161tevova\u0165 kozmetick\u00e9 sal\u00f3ny, kde sa o\u00a0kr\u00e1snu ple\u0165 \u010di telo postaraj\u00fa na slovo vzat\u00e9 odborn\u00ed\u010dky na profesion\u00e1lnej \u00farovni. U\u017e d\u00e1vno neplat\u00ed, \u017ee v\u00a0takomto sal\u00f3ne [&hellip;]","datePublished":"2025-03-03","dateModified":"2025-03-03","author":{"@type":"Person","@id":"https:\/\/www.shay.sk\/author\/#Person","name":"","url":"https:\/\/www.shay.sk\/author\/","identifier":1,"image":{"@type":"ImageObject","@id":"https:\/\/secure.gravatar.com\/avatar\/6eaf701939e92690bed32d6f2e2c0f9e1355f2e3837c1fb45fbfacf848239e2d?s=96&d=mm&r=g","url":"https:\/\/secure.gravatar.com\/avatar\/6eaf701939e92690bed32d6f2e2c0f9e1355f2e3837c1fb45fbfacf848239e2d?s=96&d=mm&r=g","height":96,"width":96}},"publisher":{"@type":"Organization","name":"shay.sk","logo":{"@type":"ImageObject","@id":"\/logo.png","url":"\/logo.png","width":600,"height":60}},"image":{"@type":"ImageObject","@id":"https:\/\/www.shay.sk\/wp-content\/uploads\/img_a288929_w16549_t1530021397.jpg","url":"https:\/\/www.shay.sk\/wp-content\/uploads\/img_a288929_w16549_t1530021397.jpg","height":0,"width":0},"url":"https:\/\/www.shay.sk\/vsetko-pre-krasu\/","wordCount":365,"articleBody":"Niektor\u00ed \u013eudia si naozaj ve\u013emi potrpia na tom ako vyzeraj\u00fa a\u00a0staraj\u00fa sa o\u00a0to, aby za ka\u017ed\u00fdch okolnost\u00ed boli bezchybn\u00ed. Stara\u0165 sa o\u00a0seba by sme sa mali v\u0161etci. Nie ka\u017ed\u00fd je ale zvyknut\u00fd nav\u0161tevova\u0165 kozmetick\u00e9 sal\u00f3ny, kde sa o\u00a0kr\u00e1snu ple\u0165 \u010di telo postaraj\u00fa na slovo vzat\u00e9 odborn\u00ed\u010dky na profesion\u00e1lnej \u00farovni. U\u017e d\u00e1vno neplat\u00ed, \u017ee v\u00a0takomto sal\u00f3ne pr\u00eddete len na h\u013abkov\u00e9 \u010distenie pleti \u010di v\u00fd\u017eivn\u00fa masku, pr\u00edpadne \u00fapravu obo\u010dia. Kozmetick\u00e9 sal\u00f3ny a\u00a0starostlivos\u0165 v\u00a0nich pon\u00fakan\u00e1 je dnes \u00faplne niekde inde. Teraz m\u00e1te mo\u017enos\u0165 zveri\u0165 svoje telo do odbornej starostlivosti od hlavy a\u017e po p\u00e4ty. \u010co v\u0161etko teda m\u00f4\u017eete n\u00e1js\u0165 a\u00a0\u017eiada\u0165v\u00a0kozmetickom sal\u00f3ne okrem be\u017en\u00e9ho o\u0161etrenia pleti?\u00b7\u00a0\u00a0\u00a0\u00a0\u00a0\u00a0\u00a0\u00a0 lymfodren\u00e1\u017e \u2013 mas\u00e1\u017e lymfatick\u00e9ho syst\u00e9mu, ktor\u00e1 napom\u00e1ha odplavovaniu odpadov\u00fdch l\u00e1tok z\u00a0buniek a\u00a0medzibunkov\u00fdch priestorov\u00b7\u00a0\u00a0\u00a0\u00a0\u00a0\u00a0\u00a0\u00a0 fotoomladenie pleti \u2013 pomocou pulzn\u00e9ho svetla sa omladzuje ple\u0165, vyhladzuj\u00fa vr\u00e1sky \u010di odstra\u0148uj\u00fa pigmentov\u00e9 \u0161kvrny\u00b7\u00a0\u00a0\u00a0\u00a0\u00a0\u00a0\u00a0\u00a0 dermabr\u00e1zia \u2013 mechanick\u00e9 odstra\u0148ovanie vrchn\u00fdch ple\u0165ov\u00fdch buniek na omladenie a\u00a0spevnenie pleti\u00b7\u00a0\u00a0\u00a0\u00a0\u00a0\u00a0\u00a0\u00a0 v\u00e1kuov\u00e1 terapia \u2013 stimul\u00e1cia krvn\u00e9ho a\u00a0lymfatick\u00e9ho syst\u00e9mu pleti \u010di cel\u00e9ho tela\u00b7\u00a0\u00a0\u00a0\u00a0\u00a0\u00a0\u00a0\u00a0 LED fototerapia \u2013 napom\u00e1ha produkcii kolag\u00e9nu v\u00a0pleti a jej omladeniu\u00b7\u00a0\u00a0\u00a0\u00a0\u00a0\u00a0\u00a0\u00a0 terapia kyselinou hyalur\u00f3novou \u2013 vyp\u013a\u0148anie vr\u00e1sok alebo pier\u00b7\u00a0\u00a0\u00a0\u00a0\u00a0\u00a0\u00a0\u00a0 plazma terapia \u2013 aplik\u00e1cia vlastnej krvnej plazmy a\u00a0kyseliny hyalur\u00f3novej do poko\u017eky podporuje tvorbu kolag\u00e9nu a\u00a0omladenie pleti\u00b7\u00a0\u00a0\u00a0\u00a0\u00a0\u00a0\u00a0\u00a0 mezoterapia \u2013 h\u013abkov\u00e1 aplik\u00e1cia \u017eiv\u00edn do poko\u017eky tv\u00e1re na jej celkov\u00e9 o\u017eivenie a omladenie\u00b7\u00a0\u00a0\u00a0\u00a0\u00a0\u00a0\u00a0\u00a0 r\u00e1diofrekvencia \u2013 pou\u017e\u00edva sa na posilnenie ochabnutej poko\u017eky na tv\u00e1ri, krku, dekolte, bruchu, stehn\u00e1ch \u010di ramen\u00e1ch\u00b7\u00a0\u00a0\u00a0\u00a0\u00a0\u00a0\u00a0\u00a0 kavit\u00e1cia \u2013 bezpe\u010dn\u00e9 odstr\u00e1nenie tukov\u00fdch buniek a celulit\u00eddy\u00a0 pomocou ultrazvukov\u00fdch v\u013anV\u00a0kozmetick\u00fdch sal\u00f3noch to niekedy m\u00f4\u017ee vyzera\u0165 ako v\u00a0odbornej ambulancii \u010di na opera\u010dnej s\u00e1le, ale netreba sa b\u00e1\u0165. Ak teda m\u00e1te z\u00e1ujem, ale aj potrebn\u00fd obnos pe\u0148az\u00ed na jednotliv\u00e9 z\u00e1kroky, ur\u010dite sa oplat\u00ed urobi\u0165 pre seba aj nie\u010do nad\u0161tandardn\u00e9.\u00a0                                                                                                                                                                                                                                                                                                                                                                                        4\/5 - (8 votes)        "},{"@context":"https:\/\/schema.org\/","@type":"BreadcrumbList","itemListElement":[{"@type":"ListItem","position":1,"name":"V\u0161etko pre kr\u00e1su","item":"https:\/\/www.shay.sk\/vsetko-pre-krasu\/#breadcrumbitem"}]}]