[{"@context":"https:\/\/schema.org\/","@type":"Article","@id":"https:\/\/www.shay.sk\/deti-su-ovela-viac-nachylne-na-choroby-ako-dospeli-preto-treba-podporit-ich-imunitu\/#Article","mainEntityOfPage":"https:\/\/www.shay.sk\/deti-su-ovela-viac-nachylne-na-choroby-ako-dospeli-preto-treba-podporit-ich-imunitu\/","headline":"Deti s\u00fa ove\u013ea viac n\u00e1chyln\u00e9 na choroby ako dospel\u00ed, preto treba podpori\u0165 ich imunitu","name":"Deti s\u00fa ove\u013ea viac n\u00e1chyln\u00e9 na choroby ako dospel\u00ed, preto treba podpori\u0165 ich imunitu","description":"Jarn\u00e9 obdobie je v plnom pr\u00fade, potom pr\u00edde leto a za n\u00edm jese\u0148, ktor\u00e1 je spojen\u00e1 so za\u010diatkom \u0161kolsk\u00e9ho roka, vtedy sa do \u0161k\u00f4l vracaj\u00fa deti, ktor\u00fdch sa na jednom mieste s\u00fastred\u00ed dos\u0165 ve\u013ea, a to s\u00fa vhodn\u00e9 podmienky pre \u0161\u00edrenie rozli\u010dn\u00fdch chor\u00f4b, napr\u00edklad chr\u00edpky. A deti s\u00fa na ne n\u00e1chyln\u00e9 ove\u013ea viac ako dospel\u00ed, [&hellip;]","datePublished":"2022-04-04","dateModified":"2022-04-04","author":{"@type":"Person","@id":"https:\/\/www.shay.sk\/author\/#Person","name":"","url":"https:\/\/www.shay.sk\/author\/","identifier":1,"image":{"@type":"ImageObject","@id":"https:\/\/secure.gravatar.com\/avatar\/6eaf701939e92690bed32d6f2e2c0f9e1355f2e3837c1fb45fbfacf848239e2d?s=96&d=mm&r=g","url":"https:\/\/secure.gravatar.com\/avatar\/6eaf701939e92690bed32d6f2e2c0f9e1355f2e3837c1fb45fbfacf848239e2d?s=96&d=mm&r=g","height":96,"width":96}},"publisher":{"@type":"Organization","name":"shay.sk","logo":{"@type":"ImageObject","@id":"\/logo.png","url":"\/logo.png","width":600,"height":60}},"image":{"@type":"ImageObject","@id":"https:\/\/www.shay.sk\/wp-content\/uploads\/bebe-2763920_640_4.jpg","url":"https:\/\/www.shay.sk\/wp-content\/uploads\/bebe-2763920_640_4.jpg","height":0,"width":0},"url":"https:\/\/www.shay.sk\/deti-su-ovela-viac-nachylne-na-choroby-ako-dospeli-preto-treba-podporit-ich-imunitu\/","wordCount":413,"articleBody":"   Jarn\u00e9 obdobie je v plnom pr\u00fade, potom pr\u00edde leto a za n\u00edm jese\u0148, ktor\u00e1 je spojen\u00e1 so za\u010diatkom \u0161kolsk\u00e9ho roka, vtedy sa do \u0161k\u00f4l vracaj\u00fa deti, ktor\u00fdch sa na jednom mieste s\u00fastred\u00ed dos\u0165 ve\u013ea, a to s\u00fa vhodn\u00e9 podmienky pre \u0161\u00edrenie rozli\u010dn\u00fdch chor\u00f4b, napr\u00edklad chr\u00edpky. A deti s\u00fa na ne n\u00e1chyln\u00e9 ove\u013ea viac ako dospel\u00ed, preto je dobr\u00e9 myslie\u0165 na posilnenie ich imunity u\u017e vopred.Odol\u00e1va\u0165 najrozli\u010dnej\u0161\u00edm chorob\u00e1m mus\u00ed u\u017e detsk\u00fd organizmus, na ktor\u00fd \u010d\u00edhaj\u00fa v\u00edrusy hlavne po\u010das chladnej\u0161\u00edch dn\u00ed, a vtedy je d\u00f4le\u017eit\u00e1 imunita die\u0165a\u0165a, ktor\u00fa m\u00f4\u017eeme podpori\u0165 zabezpe\u010den\u00edm zdravej \u017eivotospr\u00e1vy, v\u00fd\u017eivy a dop\u013a\u0148an\u00edm potrebn\u00fdch vitam\u00ednov, napr\u00edklad aj formou v\u00fd\u017eivov\u00fdch doplnkov, ur\u010den\u00fdch pre najmen\u0161ie deti. Rodi\u010dia dobre vedia, \u017ee niekedy je dos\u0165 n\u00e1ro\u010dn\u00e9 prin\u00fati\u0165 svoje ratolesti, aby konzumovali viac zeleniny \u010di vo v\u0161eobecnosti sa stravovali zdrav\u0161ie, ale aj na to m\u00f4\u017eeme pou\u017ei\u0165 \u0161ikovn\u00e9 triky, ktor\u00fdmi v\u00fd\u017eivn\u00e9 l\u00e1tky do stravy die\u0165a\u0165a zakomponujeme. Pre zdrav\u00fd rast a v\u00fdvin det\u00ed s\u00fa v\u00fd\u017eivn\u00e9 l\u00e1tky nevyhnutn\u00e9, preto je \u00falohou rodi\u010dov n\u00e1js\u0165 sp\u00f4sob ako to zabezpe\u010di\u0165, napr\u00edklad pod\u00e1van\u00edm multivitam\u00ednov. Swedish Nutra Super Kids je tekut\u00fd multivitam\u00edn s obsahom v\u0161etk\u00fdch \u017eiv\u00edn, d\u00f4le\u017eit\u00fdch pre rovnov\u00e1hu v organizme det\u00ed od 5 do 12 rokov, dok\u00e1\u017eu zv\u00fd\u0161i\u0165 chu\u0165 do jedla, jeho zlo\u017eky sa podie\u013eaj\u00fa na spr\u00e1vnom smerovan\u00ed funkci\u00ed mozgu, nervov\u00e9ho syst\u00e9mu \u010di pam\u00e4te, a teda m\u00e1 stimula\u010dn\u00fd \u00fa\u010dinok aj na lep\u0161ie s\u00fastredenie pri u\u010den\u00ed.Tento doplnok stravy je v tekutej forme a m\u00e1 pr\u00edchu\u0165 pomaran\u010da, jeho s\u00fa\u010das\u0165ou s\u00fa aj v\u00fd\u0165a\u017eky zo zeleniny a ovocia, miner\u00e1lne l\u00e1tky, rastlinn\u00e9 aminokyseliny, vitam\u00edn B1, zinok, vitam\u00edn C a D3 pre posilnenie kost\u00ed a imunity die\u0165a\u0165a Nutrifit. Z\u00e1rove\u0148 sa v pr\u00edpravku nach\u00e1dza aj pr\u00e1\u0161ok z brokolice a lucerny s pridan\u00edm ovocnej ar\u00f3my, ale bez cukru, kvasn\u00edc, farb\u00edv, lepku a GMO. Pod\u00e1van\u00edm tohto v\u00fd\u017eivov\u00e9ho doplnku budete tak ma\u0165 istotu, \u017ee va\u0161e die\u0165a dost\u00e1va iba pr\u00edrodn\u00e9 produkty s pozit\u00edvnym \u00fa\u010dinkom na jeho v\u00fdvin.                                                                                                                                                                                                                                                                                                                                                                                          4.1\/5 - (14 votes)        "},{"@context":"https:\/\/schema.org\/","@type":"BreadcrumbList","itemListElement":[{"@type":"ListItem","position":1,"name":"Deti s\u00fa ove\u013ea viac n\u00e1chyln\u00e9 na choroby ako dospel\u00ed, preto treba podpori\u0165 ich imunitu","item":"https:\/\/www.shay.sk\/deti-su-ovela-viac-nachylne-na-choroby-ako-dospeli-preto-treba-podporit-ich-imunitu\/#breadcrumbitem"}]}]