[{"@context":"https:\/\/schema.org\/","@type":"Article","@id":"https:\/\/www.shay.sk\/co-ma-krtko-spolocne-s-krtkovanim\/#Article","mainEntityOfPage":"https:\/\/www.shay.sk\/co-ma-krtko-spolocne-s-krtkovanim\/","headline":"\u010co m\u00e1 Krtko spolo\u010dn\u00e9 s krtkovan\u00edm","name":"\u010co m\u00e1 Krtko spolo\u010dn\u00e9 s krtkovan\u00edm","description":"P\u00e1\u010di sa v\u00e1m postavi\u010dka &#8220;Krtko&#8221; od u\u017e zosnul\u00e9ho v\u00fdtvarn\u00edka Zde\u0148ka Milera? T\u00e1to legend\u00e1rna kreslen\u00e1 fig\u00farka obletela nielen Eur\u00f3pu, prv\u00fd pr\u00edbeh uzrel svetlo sveta u\u017e v roku 1957 a dodnes patr\u00ed Krtko k najob\u013e\u00fabenej\u0161\u00edm detsk\u00fdm rozpr\u00e1vkov\u00fdm postav\u00e1m. Mal na sebe modr\u00e9 nohavi\u010dky s vreckami a p\u00fa\u0161\u0165al sa do mnoh\u00fdch dobrodru\u017estiev so zvieratkami v lese, a\u017e sa [&hellip;]","datePublished":"2024-02-21","dateModified":"2024-02-21","author":{"@type":"Person","@id":"https:\/\/www.shay.sk\/author\/#Person","name":"","url":"https:\/\/www.shay.sk\/author\/","identifier":1,"image":{"@type":"ImageObject","@id":"https:\/\/secure.gravatar.com\/avatar\/6eaf701939e92690bed32d6f2e2c0f9e1355f2e3837c1fb45fbfacf848239e2d?s=96&d=mm&r=g","url":"https:\/\/secure.gravatar.com\/avatar\/6eaf701939e92690bed32d6f2e2c0f9e1355f2e3837c1fb45fbfacf848239e2d?s=96&d=mm&r=g","height":96,"width":96}},"publisher":{"@type":"Organization","name":"shay.sk","logo":{"@type":"ImageObject","@id":"\/logo.png","url":"\/logo.png","width":600,"height":60}},"image":{"@type":"ImageObject","@id":"https:\/\/www.shay.sk\/wp-content\/uploads\/molehills-231386_640.jpg","url":"https:\/\/www.shay.sk\/wp-content\/uploads\/molehills-231386_640.jpg","height":0,"width":0},"url":"https:\/\/www.shay.sk\/co-ma-krtko-spolocne-s-krtkovanim\/","wordCount":395,"articleBody":"   P\u00e1\u010di sa v\u00e1m postavi\u010dka &#8220;Krtko&#8221; od u\u017e zosnul\u00e9ho v\u00fdtvarn\u00edka Zde\u0148ka Milera? T\u00e1to legend\u00e1rna kreslen\u00e1 fig\u00farka obletela nielen Eur\u00f3pu, prv\u00fd pr\u00edbeh uzrel svetlo sveta u\u017e v roku 1957 a dodnes patr\u00ed Krtko k najob\u013e\u00fabenej\u0161\u00edm detsk\u00fdm rozpr\u00e1vkov\u00fdm postav\u00e1m. Mal na sebe modr\u00e9 nohavi\u010dky s vreckami a p\u00fa\u0161\u0165al sa do mnoh\u00fdch dobrodru\u017estiev so zvieratkami v lese, a\u017e sa nad nimi taj\u00ed dych. S krtkom sa ale m\u00f4\u017eete stretn\u00fa\u0165 aj vy, pokia\u013e sa v\u00e1m doma upch\u00e1 z\u00e1chod.Samozrejme sme tu pou\u017eili vtipn\u00fa metaforu, glosu, \u010do je typick\u00e1 pre in\u0161talat\u00e9rov, ktor\u00ed zais\u0165uj\u00fa krtkovanie v Bratislave. Tento proces legend\u00e1rneho Krtka iba pripom\u00edna, ale podstatn\u00fd je jeho v\u00fdsledok. \u010ci naozaj pom\u00f4\u017ee a vyrie\u0161i \u0165a\u017ek\u00fa situ\u00e1ciu.Pok\u00faste sa teraz predstavi\u0165, \u017ee ste pri\u0161li domov, za dve hodiny k v\u00e1m doraz\u00ed mil\u00e1 n\u00e1v\u0161teva, a vy sa chyst\u00e1te pripravi\u0165 mal\u00e9 ob\u010derstvenie. Medzit\u00fdm si odsko\u010d\u00edte na toaletu, z ktorej v\u0161ak po spl\u00e1chnut\u00ed odmieta odteka\u0165 tekutina do odpadovej r\u00fary. Pok\u00fasite sa situ\u00e1ciu vyrie\u0161i\u0165 po svojom, napr\u00edklad gumov\u00fdm zvonom, ale to nepom\u00f4\u017ee, a tak si za\u010dnete \u0161krabka\u0165 hlavu, \u010do teraz.Zanechajte m\u00e1rnych pokusov o prerazenie z\u00e1tky a hlavne do z\u00e1chodu nestrkajte ni\u010d, \u010do tam nepatr\u00ed. Niektor\u00ed majstri s\u00fa schopn\u00ed tam naskrutkova\u0165 r\u00f4zne dr\u00f4ty, obru\u010de, per\u00e1 \u010di pru\u017einy, a potom ich nem\u00f4\u017eu vytiahnu\u0165 von. Ove\u013ea lep\u0161ie rie\u0161enie je ma\u0165 u\u017e prezieravo ulo\u017een\u00fd telef\u00f3n na in\u0161talat\u00e9rov, ktor\u00ed si poradia aj s t\u00fdm va\u0161\u00edm z\u00e1chodom. Akon\u00e1hle zavol\u00e1te in\u0161talat\u00e9rov, ktor\u00ed udr\u017euj\u00fa nonstop servis, va\u0161ou \u010fal\u0161ou staros\u0165ou by malo by\u0165 zabezpe\u010denie programu pre va\u0161u n\u00e1v\u0161tevu, teda dokon\u010dite pr\u00edpravu sl\u00e1vnostn\u00e9ho ob\u010derstvenia, objednajte z re\u0161taur\u00e1cie pizzu, majte dostatok vhodn\u00fdch n\u00e1pojov a samozrejme aj mo\u017enost\u00ed, ako vyplni\u0165 vo\u013en\u00fd \u010das v ob\u00fdvacej izbe. In\u0161talat\u00e9rov m\u00f4\u017eete ponecha\u0165 bez dozoru, t\u00ed si poradia aj bez v\u00e1s, a vy nemus\u00edte kv\u00f4li tejto pat\u00e1lii so z\u00e1chodom v\u00f4bec meni\u0165 program vo\u013en\u00e9ho ve\u010dera.                                                                                                                                                                                                                                                                                                                                                                                          4.5\/5 - (6 votes)        "},{"@context":"https:\/\/schema.org\/","@type":"BreadcrumbList","itemListElement":[{"@type":"ListItem","position":1,"name":"\u010co m\u00e1 Krtko spolo\u010dn\u00e9 s krtkovan\u00edm","item":"https:\/\/www.shay.sk\/co-ma-krtko-spolocne-s-krtkovanim\/#breadcrumbitem"}]}]